{"id":2137,"date":"2024-04-03T23:33:55","date_gmt":"2024-04-04T06:33:55","guid":{"rendered":"http:\/\/www.fova.org\/?p=2137"},"modified":"2024-04-03T23:33:55","modified_gmt":"2024-04-04T06:33:55","slug":"end-of-conservatory-dates-for-2024","status":"publish","type":"post","link":"http:\/\/www.fova.org\/?p=2137","title":{"rendered":"End of Conservatory Dates for 2024"},"content":{"rendered":"\n<p>Hello Visual Arts Families,<\/p>\n\n\n\n<p>Thank you for your support this Conservatory season. As the season comes to an end, I wanted to let you know of a few upcoming dates and reminders for next season.<\/p>\n\n\n\n<p><strong><u>April Dates<\/u><\/strong><\/p>\n\n\n\n<p><strong>Saturday, April 6, 2024:<\/strong>&nbsp; <strong>Instruction<\/strong><\/p>\n\n\n\n<p><strong>Saturday, April 13, 2024:&nbsp;Instruction<\/strong><\/p>\n\n\n\n<p><strong>Saturday, April 20, 2024:<\/strong> <strong>Final Art Show<\/strong><\/p>\n\n\n\n<p>9 a.m. &#8211; 12 p.m. in the Fine Arts building at CSULA. <\/p>\n\n\n\n<p><strong>Saturday, April 27, 2024:<\/strong> <strong>Art Pick Up<\/strong><\/p>\n\n\n\n<p>10 a.m. &#8211; 12 p.m. Art not picked up on this date may be discarded due to lack of storage space.<\/p>\n\n\n\n<p><strong><u>Return Form for 2024-2025 Season<\/u><\/strong><\/p>\n\n\n\n<p>If you are interested in your child returning to the Conservatory of Fine Arts for the 2024-2025 season, please complete the form at the link below prior to Friday, May 3, 2024. You do not need to reapply if you complete this form.<\/p>\n\n\n\n<p><a href=\"https:\/\/forms.gle\/DBGxHJRgMcooNagy8\">https:\/\/forms.gle\/DBGxHJRgMcooNagy8<\/a><\/p>\n\n\n\n<p><strong><u>Parent\/Family Survey<\/u><\/strong><\/p>\n\n\n\n<p>Please help us make the Conservatory the best it can be!&nbsp;Links to the Conservatory parent\/family survey can be found below.<\/p>\n\n\n\n<p>English: <a href=\"https:\/\/forms.gle\/iWpVMr5rt9btDPf9A\" target=\"_blank\" rel=\"noreferrer noopener\">https:\/\/forms.gle\/iWpVMr5rt9btDPf9A<\/a><\/p>\n\n\n\n<p>Spanish: <a href=\"https:\/\/forms.gle\/TQ1B37nWxTwNjwzn6\" target=\"_blank\" rel=\"noreferrer noopener\">https:\/\/forms.gle\/TQ1B37nWxTwNjwzn6<\/a><\/p>\n\n\n\n<p>We hope you have had a great Conservatory season and we look forward to seeing everyone at the final art show.<\/p>\n\n\n\n<p>Hola Familias de Artes Visuales:<\/p>\n\n\n\n<p>Gracias por su apoyo esta temporada del Conservatorio. A medida que la temporada llega a su fin, quer\u00eda informarles sobre algunas fechas pr\u00f3ximas y recordatorios para la pr\u00f3xima temporada.<\/p>\n\n\n\n<p><strong><u>Fechas de abril<\/u><\/strong><\/p>\n\n\n\n<p><strong>S\u00e1bado 6 de abril de 2024: Instrucci\u00f3n<\/strong><\/p>\n\n\n\n<p><strong>S\u00e1bado 13 de abril de 2024: Instrucci\u00f3n<\/strong><\/p>\n\n\n\n<p><strong>S\u00e1bado 20 de abril de 2024: Exhibici\u00f3n final de arte&nbsp;<\/strong><\/p>\n\n\n\n<p>9 a.m. &#8211; 12 p.m. en el edificio de Bellas Artes de CSULA. Consulten el volante adjunto.<\/p>\n\n\n\n<p><strong>S\u00e1bado 27 de abril de 2024: Recogida de arte<\/strong><\/p>\n\n\n\n<p>10 a.m. &#8211; 12 p.m. Las obras de arte que no se recojan en esta fecha podr\u00e1n desecharse por falta de espacio de almacenamiento.<\/p>\n\n\n\n<p><strong><u>Formulario de regresar para la temporada 2024-2025<\/u><\/strong><\/p>\n\n\n\n<p>Si est\u00e1n interesado en que su hijo regrese al Conservatorio de Bellas Artes para la temporada 2024-2025, completen el formulario en el enlace a continuaci\u00f3n antes del viernes 3 de mayo de 2024. No es necesario presentar la solicitud si completa este formulario.<\/p>\n\n\n\n<p><a href=\"https:\/\/forms.gle\/DBGxHJRgMcooNagy8\">https:\/\/forms.gle\/DBGxHJRgMcooNagy8<\/a><\/p>\n\n\n\n<p><strong><u>Encuesta para padres\/familias<\/u><\/strong><\/p>\n\n\n\n<p>\u00a1Ay\u00fadennos a hacer que el Conservatorio sea lo mejor posible! A continuaci\u00f3n se pueden encontrar enlaces a la encuesta anual del Conservatorio para padres y familias.<\/p>\n\n\n\n<p>Ingl\u00e9s: <a href=\"https:\/\/forms.gle\/iWpVMr5rt9btDPf9A\" target=\"_blank\" rel=\"noreferrer noopener\">https:\/\/forms.gle\/iWpVMr5rt9btDPf9A<\/a><\/p>\n\n\n\n<p>Espa\u00f1ol: <a href=\"https:\/\/forms.gle\/TQ1B37nWxTwNjwzn6\" target=\"_blank\" rel=\"noreferrer noopener\">https:\/\/forms.gle\/TQ1B37nWxTwNjwzn6<\/a><\/p>\n\n\n\n<p>Esperamos que hayan tenido una excelente temporada en el Conservatorio y esperamos verlos a todos en la exhibici\u00f3n final.<\/p>\n\n\n\n<p><strong>Nicole Niederdeppe, Ed.D.<\/strong><\/p>\n\n\n\n<p><strong>District Coordinator<\/strong><\/p>\n\n\n\n<p><em>Gifted\/Talented Programs<\/em><\/p>\n\n\n\n<p>Los Angeles Unified School District<\/p>\n\n\n\n<p>333 South Beaudry Avenue<\/p>\n\n\n\n<p>Los Angeles, CA 90017<\/p>\n\n\n\n<p><em><a rel=\"noreferrer noopener\" href=\"http:\/\/www.lausd.org\/gate\" target=\"_blank\">http:\/\/www.lausd.org\/gate<\/a><\/em><br>(213) 241-6500\u00a0<\/p>\n","protected":false},"excerpt":{"rendered":"<p>Hello Visual Arts Families, Thank you for your support this Conservatory season. As the season comes to an end, I wanted to let you know of a few upcoming dates [&hellip;]<\/p>\n","protected":false},"author":10,"featured_media":0,"comment_status":"closed","ping_status":"closed","sticky":false,"template":"","format":"standard","meta":{"footnotes":""},"categories":[5],"tags":[],"_links":{"self":[{"href":"http:\/\/www.fova.org\/index.php?rest_route=\/wp\/v2\/posts\/2137"}],"collection":[{"href":"http:\/\/www.fova.org\/index.php?rest_route=\/wp\/v2\/posts"}],"about":[{"href":"http:\/\/www.fova.org\/index.php?rest_route=\/wp\/v2\/types\/post"}],"author":[{"embeddable":true,"href":"http:\/\/www.fova.org\/index.php?rest_route=\/wp\/v2\/users\/10"}],"replies":[{"embeddable":true,"href":"http:\/\/www.fova.org\/index.php?rest_route=%2Fwp%2Fv2%2Fcomments&post=2137"}],"version-history":[{"count":1,"href":"http:\/\/www.fova.org\/index.php?rest_route=\/wp\/v2\/posts\/2137\/revisions"}],"predecessor-version":[{"id":2138,"href":"http:\/\/www.fova.org\/index.php?rest_route=\/wp\/v2\/posts\/2137\/revisions\/2138"}],"wp:attachment":[{"href":"http:\/\/www.fova.org\/index.php?rest_route=%2Fwp%2Fv2%2Fmedia&parent=2137"}],"wp:term":[{"taxonomy":"category","embeddable":true,"href":"http:\/\/www.fova.org\/index.php?rest_route=%2Fwp%2Fv2%2Fcategories&post=2137"},{"taxonomy":"post_tag","embeddable":true,"href":"http:\/\/www.fova.org\/index.php?rest_route=%2Fwp%2Fv2%2Ftags&post=2137"}],"curies":[{"name":"wp","href":"https:\/\/api.w.org\/{rel}","templated":true}]}}